{"id":13024,"date":"2020-02-10T21:57:59","date_gmt":"2020-02-11T02:57:59","guid":{"rendered":"http:\/\/www.pitpitpit.com\/blogue\/?p=13024"},"modified":"2020-02-16T17:31:55","modified_gmt":"2020-02-16T22:31:55","slug":"voyage-en-espagne-mai-2018-1","status":"publish","type":"post","link":"https:\/\/www.pitpitpit.com\/blogue\/voyage-en-espagne-mai-2018-1\/","title":{"rendered":"Voyage en Espagne (mai 2018) &#8211; 1"},"content":{"rendered":"<p>Bonjour!<\/p>\n<p>Billet sp\u00e9cial aujourd&rsquo;hui! Je vous pr\u00e9sente une r\u00e9trospective du voyage en Espagne qui a eu\u00a0 lieu en mai 2018 et qui ne vous a jamais \u00e9t\u00e9 pr\u00e9sent\u00e9! Ce voyage \u00e9tait accompagn\u00e9 par Jean-Philippe Gagnon: il vous est pr\u00e9sent\u00e9 ici avec une partie de son r\u00e9cit de voyage, agr\u00e9ment\u00e9 de photos que j&rsquo;avais prises lors du voyage de 2016. Aujourd&rsquo;hui, je vous pr\u00e9sente les 3 premiers jours: la suite demain!<\/p>\n<h2><strong>JOUR 1: Arriv\u00e9e \u00e0 Malaga<\/strong><\/h2>\n<p>Le delta int\u00e9rieur, Desembocadura del Guadalhorce, nous offre un excellent aper\u00e7u ornithologique de la r\u00e9gion: Hirondelles de fen\u00eatre, Hirondelle rousselline et Martinets noirs ne passent pas inaper\u00e7us, ainsi que Pie-gri\u00e8che \u00e0 t\u00eate rousse, \u00c9rismature \u00e0 t\u00eate blanche, Gr\u00e8be castagneux et Gr\u00e8be \u00e0 cou noir. Un arr\u00eat nous apporte les premiers Flamants roses parmi lesquels se cachent trois Flamants nains.<\/p>\n<div id=\"attachment_9058\" style=\"width: 570px\" class=\"wp-caption alignnone\"><img aria-describedby=\"caption-attachment-9058\" decoding=\"async\" loading=\"lazy\" class=\"size-medium wp-image-9058\" alt=\"\u00c9rismature \u00e0 t\u00eate blanche\" src=\"https:\/\/www.pitpitpit.com\/blogue\/wp-content\/uploads\/2016-05-07_09-31-33_IMG_11871-560x393.jpg\" width=\"560\" height=\"393\" srcset=\"https:\/\/www.pitpitpit.com\/blogue\/wp-content\/uploads\/2016-05-07_09-31-33_IMG_11871-560x393.jpg 560w, https:\/\/www.pitpitpit.com\/blogue\/wp-content\/uploads\/2016-05-07_09-31-33_IMG_11871-624x438.jpg 624w, https:\/\/www.pitpitpit.com\/blogue\/wp-content\/uploads\/2016-05-07_09-31-33_IMG_11871.jpg 800w\" sizes=\"(max-width: 560px) 100vw, 560px\" \/><p id=\"caption-attachment-9058\" class=\"wp-caption-text\">\u00c9rismature \u00e0 t\u00eate blanche<\/p><\/div>\n<dl class=\"wp-caption alignnone\" id=\"attachment_8586\" style=\"width: 538px;\">\n<dt class=\"wp-caption-dt\"><\/dt>\n<\/dl>\n<div id=\"attachment_8528\" style=\"width: 570px\" class=\"wp-caption alignnone\"><img aria-describedby=\"caption-attachment-8528\" decoding=\"async\" loading=\"lazy\" class=\"size-medium wp-image-8528\" alt=\"Flamants roses\" src=\"https:\/\/www.pitpitpit.com\/blogue\/wp-content\/uploads\/2016-05-09_01-19-44_IMG_1979-560x350.jpg\" width=\"560\" height=\"350\" srcset=\"https:\/\/www.pitpitpit.com\/blogue\/wp-content\/uploads\/2016-05-09_01-19-44_IMG_1979-560x350.jpg 560w, https:\/\/www.pitpitpit.com\/blogue\/wp-content\/uploads\/2016-05-09_01-19-44_IMG_1979-624x390.jpg 624w, https:\/\/www.pitpitpit.com\/blogue\/wp-content\/uploads\/2016-05-09_01-19-44_IMG_1979.jpg 800w\" sizes=\"(max-width: 560px) 100vw, 560px\" \/><p id=\"caption-attachment-8528\" class=\"wp-caption-text\">Flamants roses<\/p><\/div>\n<h2><strong>JOUR 2\u00a0: Les marais de Rocio<\/strong><\/h2>\n<div id=\"attachment_8548\" style=\"width: 570px\" class=\"wp-caption alignnone\"><img aria-describedby=\"caption-attachment-8548\" decoding=\"async\" loading=\"lazy\" class=\"size-medium wp-image-8548\" alt=\"Lagune - Espagne 2016\" src=\"https:\/\/www.pitpitpit.com\/blogue\/wp-content\/uploads\/2016-05-08_19-11-10_DSC_0052-560x334.jpg\" width=\"560\" height=\"334\" srcset=\"https:\/\/www.pitpitpit.com\/blogue\/wp-content\/uploads\/2016-05-08_19-11-10_DSC_0052-560x334.jpg 560w, https:\/\/www.pitpitpit.com\/blogue\/wp-content\/uploads\/2016-05-08_19-11-10_DSC_0052-624x372.jpg 624w, https:\/\/www.pitpitpit.com\/blogue\/wp-content\/uploads\/2016-05-08_19-11-10_DSC_0052.jpg 800w\" sizes=\"(max-width: 560px) 100vw, 560px\" \/><p id=\"caption-attachment-8548\" class=\"wp-caption-text\">La lagune, avec un \u00e9clairage magnifique!<\/p><\/div>\n<p>Belle promenade en bordure de la lagune o\u00f9 nous trouvons de nombreux Ibis falcinelle, des Hirondelles de fen\u00eatre ainsi que des Hirondelles rustiques, des Nettes rousses et un Fuligule milouin. Nous poursuivons pour d\u00e9couvrir nos premi\u00e8res Pies bleues, observer les Cigognes blanches, Aigrettes garzette et Hirondelles de rivage, ainsi que trois beaux Gu\u00eapiers d&rsquo;Europe!<\/p>\n<div id=\"attachment_8526\" style=\"width: 570px\" class=\"wp-caption alignnone\"><img aria-describedby=\"caption-attachment-8526\" decoding=\"async\" loading=\"lazy\" class=\"size-medium wp-image-8526\" alt=\"Ibis falcinelle\" src=\"https:\/\/www.pitpitpit.com\/blogue\/wp-content\/uploads\/2016-05-08_11-42-26_IMG_1923-560x357.jpg\" width=\"560\" height=\"357\" srcset=\"https:\/\/www.pitpitpit.com\/blogue\/wp-content\/uploads\/2016-05-08_11-42-26_IMG_1923-560x357.jpg 560w, https:\/\/www.pitpitpit.com\/blogue\/wp-content\/uploads\/2016-05-08_11-42-26_IMG_1923-624x398.jpg 624w, https:\/\/www.pitpitpit.com\/blogue\/wp-content\/uploads\/2016-05-08_11-42-26_IMG_1923.jpg 800w\" sizes=\"(max-width: 560px) 100vw, 560px\" \/><p id=\"caption-attachment-8526\" class=\"wp-caption-text\">Ibis falcinelle<\/p><\/div>\n<div id=\"attachment_8533\" style=\"width: 570px\" class=\"wp-caption alignnone\"><img aria-describedby=\"caption-attachment-8533\" decoding=\"async\" loading=\"lazy\" class=\"size-medium wp-image-8533\" alt=\"For\u00eat - Espagne 2016\" src=\"https:\/\/www.pitpitpit.com\/blogue\/wp-content\/uploads\/2016-05-08_17-24-49_DSC_0046-560x327.jpg\" width=\"560\" height=\"327\" srcset=\"https:\/\/www.pitpitpit.com\/blogue\/wp-content\/uploads\/2016-05-08_17-24-49_DSC_0046-560x327.jpg 560w, https:\/\/www.pitpitpit.com\/blogue\/wp-content\/uploads\/2016-05-08_17-24-49_DSC_0046-624x365.jpg 624w, https:\/\/www.pitpitpit.com\/blogue\/wp-content\/uploads\/2016-05-08_17-24-49_DSC_0046.jpg 800w\" sizes=\"(max-width: 560px) 100vw, 560px\" \/><p id=\"caption-attachment-8533\" class=\"wp-caption-text\">For\u00eat peupl\u00e9e de pins parasols.<\/p><\/div>\n<p>Dans la for\u00eat peupl\u00e9e de pins parasols, nous observons la M\u00e9sange charbonni\u00e8re, le\u00a0 Grimpereau des jardins et le Pinson des arbres.<\/p>\n<div id=\"attachment_8698\" style=\"width: 570px\" class=\"wp-caption alignnone\"><img aria-describedby=\"caption-attachment-8698\" decoding=\"async\" loading=\"lazy\" class=\"size-medium wp-image-8698\" alt=\"Pinson des arbres\" src=\"https:\/\/www.pitpitpit.com\/blogue\/wp-content\/uploads\/2016-05-13_02-55-05_IMG_4401-560x735.jpg\" width=\"560\" height=\"735\" srcset=\"https:\/\/www.pitpitpit.com\/blogue\/wp-content\/uploads\/2016-05-13_02-55-05_IMG_4401-560x735.jpg 560w, https:\/\/www.pitpitpit.com\/blogue\/wp-content\/uploads\/2016-05-13_02-55-05_IMG_4401.jpg 609w\" sizes=\"(max-width: 560px) 100vw, 560px\" \/><p id=\"caption-attachment-8698\" class=\"wp-caption-text\">Pinson des arbres<\/p><\/div>\n<div id=\"attachment_8538\" style=\"width: 570px\" class=\"wp-caption alignnone\"><img aria-describedby=\"caption-attachment-8538\" decoding=\"async\" loading=\"lazy\" class=\"size-medium wp-image-8538\" alt=\"M\u00e9sange charbonni\u00e8re\" src=\"https:\/\/www.pitpitpit.com\/blogue\/wp-content\/uploads\/2016-05-13_00-17-50_IMG_4221-560x735.jpg\" width=\"560\" height=\"735\" srcset=\"https:\/\/www.pitpitpit.com\/blogue\/wp-content\/uploads\/2016-05-13_00-17-50_IMG_4221-560x735.jpg 560w, https:\/\/www.pitpitpit.com\/blogue\/wp-content\/uploads\/2016-05-13_00-17-50_IMG_4221.jpg 609w\" sizes=\"(max-width: 560px) 100vw, 560px\" \/><p id=\"caption-attachment-8538\" class=\"wp-caption-text\">M\u00e9sange charbonni\u00e8re<\/p><\/div>\n<p>Dans les zones de bosquets \u00e9pars, c&rsquo;est le Rossignol philom\u00e8le qui prend toute la place. Nous avons \u00e9galement r\u00e9ussi \u00e0 bien voir le Pouillot ib\u00e9rique et l&rsquo;Hypola\u00efs polyglotte.<\/p>\n<div id=\"attachment_9013\" style=\"width: 570px\" class=\"wp-caption alignnone\"><img aria-describedby=\"caption-attachment-9013\" decoding=\"async\" loading=\"lazy\" class=\"size-medium wp-image-9013\" alt=\"Hypolais polyglotte\" src=\"https:\/\/www.pitpitpit.com\/blogue\/wp-content\/uploads\/2016-05-17_09-08-32_IMG_6299-560x361.jpg\" width=\"560\" height=\"361\" srcset=\"https:\/\/www.pitpitpit.com\/blogue\/wp-content\/uploads\/2016-05-17_09-08-32_IMG_6299-560x361.jpg 560w, https:\/\/www.pitpitpit.com\/blogue\/wp-content\/uploads\/2016-05-17_09-08-32_IMG_6299-624x402.jpg 624w, https:\/\/www.pitpitpit.com\/blogue\/wp-content\/uploads\/2016-05-17_09-08-32_IMG_6299.jpg 800w\" sizes=\"(max-width: 560px) 100vw, 560px\" \/><p id=\"caption-attachment-9013\" class=\"wp-caption-text\">Hypolais polyglotte<\/p><\/div>\n<p>Dans un autre secteur du parc, El Acebuche, la Pie bleue et la Pie bavarde sont assez faciles \u00e0 observer, ainsi que le Serin cini. Nous voyons le Pouillot de Bonelli, une esp\u00e8ce difficile \u00e0 identifier, plut\u00f4t terne et sans trait particulier\u2026 Ce sera donc une chose r\u00e9gl\u00e9e pour le voyage!!<\/p>\n<div id=\"attachment_8544\" style=\"width: 570px\" class=\"wp-caption alignnone\"><img aria-describedby=\"caption-attachment-8544\" decoding=\"async\" loading=\"lazy\" class=\"size-medium wp-image-8544\" alt=\"Pie bavarde\" src=\"https:\/\/www.pitpitpit.com\/blogue\/wp-content\/uploads\/2016-05-08_07-36-46_IMG_1627-560x362.jpg\" width=\"560\" height=\"362\" srcset=\"https:\/\/www.pitpitpit.com\/blogue\/wp-content\/uploads\/2016-05-08_07-36-46_IMG_1627-560x362.jpg 560w, https:\/\/www.pitpitpit.com\/blogue\/wp-content\/uploads\/2016-05-08_07-36-46_IMG_1627-624x404.jpg 624w, https:\/\/www.pitpitpit.com\/blogue\/wp-content\/uploads\/2016-05-08_07-36-46_IMG_1627.jpg 800w\" sizes=\"(max-width: 560px) 100vw, 560px\" \/><p id=\"caption-attachment-8544\" class=\"wp-caption-text\">Pie bavarde<\/p><\/div>\n<p>En fin de journ\u00e9e, c&rsquo;est l&rsquo;Aigle bott\u00e9 (phase sombre et claire) qui attire notre attention!<\/p>\n<div id=\"attachment_8603\" style=\"width: 570px\" class=\"wp-caption alignnone\"><img aria-describedby=\"caption-attachment-8603\" decoding=\"async\" loading=\"lazy\" class=\"size-medium wp-image-8603\" alt=\"Aigle bott\u00e9\" src=\"https:\/\/www.pitpitpit.com\/blogue\/wp-content\/uploads\/2016-05-09_09-27-11_IMG_2538-560x390.jpg\" width=\"560\" height=\"390\" srcset=\"https:\/\/www.pitpitpit.com\/blogue\/wp-content\/uploads\/2016-05-09_09-27-11_IMG_2538-560x390.jpg 560w, https:\/\/www.pitpitpit.com\/blogue\/wp-content\/uploads\/2016-05-09_09-27-11_IMG_2538-624x435.jpg 624w, https:\/\/www.pitpitpit.com\/blogue\/wp-content\/uploads\/2016-05-09_09-27-11_IMG_2538.jpg 800w\" sizes=\"(max-width: 560px) 100vw, 560px\" \/><p id=\"caption-attachment-8603\" class=\"wp-caption-text\">Aigle bott\u00e9<\/p><\/div>\n<h2><strong>JOUR 3\u00a0: Parque Nacional Donana<\/strong><\/h2>\n<div id=\"attachment_8591\" style=\"width: 570px\" class=\"wp-caption alignnone\"><img aria-describedby=\"caption-attachment-8591\" decoding=\"async\" loading=\"lazy\" class=\"size-medium wp-image-8591\" alt=\"Au coeur du delta\" src=\"https:\/\/www.pitpitpit.com\/blogue\/wp-content\/uploads\/2016-05-09_09-54-51_DSC_0063-560x315.jpg\" width=\"560\" height=\"315\" srcset=\"https:\/\/www.pitpitpit.com\/blogue\/wp-content\/uploads\/2016-05-09_09-54-51_DSC_0063-560x315.jpg 560w, https:\/\/www.pitpitpit.com\/blogue\/wp-content\/uploads\/2016-05-09_09-54-51_DSC_0063-624x351.jpg 624w, https:\/\/www.pitpitpit.com\/blogue\/wp-content\/uploads\/2016-05-09_09-54-51_DSC_0063.jpg 800w\" sizes=\"(max-width: 560px) 100vw, 560px\" \/><p id=\"caption-attachment-8591\" class=\"wp-caption-text\">Au coeur du delta<\/p><\/div>\n<p>D\u00e9part aux aurores pour un secteur du parc qui se trouve un peu plus \u00e0 l&rsquo;int\u00e9rieur des zones\u00a0 humides et qui donne acc\u00e8s \u00e0 des caches situ\u00e9es au bord du marais. Juste avant d&rsquo;y arriver, une\u00a0 Sarcelle nyroca force l&rsquo;arr\u00eat du bus, tout le monde pourra l&rsquo;observer et les photos se r\u00e9v\u00e8lent\u00a0 superbes dans la lumi\u00e8re du matin. Les cigognes, les ibis et la multitude de martinets nous\u00a0 accompagnent une bonne partie de l&rsquo;avant-midi. Sur les fils \u00e0 haute tension, les Gu\u00eapiers\u00a0 d&rsquo;Europe s&rsquo;alignent tandis que nous descendons la colline pr\u00e8s de l&rsquo;eau.<\/p>\n<p>\u00c0 l&rsquo;abri des regards, nous avons la belle surprise de d\u00e9couvrir deux couples de Sarcelle marbr\u00e9e, un des canards les plus menac\u00e9s d&rsquo;Europe. Avec eux se trouve un Gr\u00e8be hupp\u00e9 qui s&rsquo;alimente \u00e0 proximit\u00e9.<\/p>\n<div id=\"attachment_8934\" style=\"width: 570px\" class=\"wp-caption alignnone\"><img aria-describedby=\"caption-attachment-8934\" decoding=\"async\" loading=\"lazy\" class=\"size-medium wp-image-8934\" alt=\"Parade d'un couple de Gr\u00e8bes hupp\u00e9s\" src=\"https:\/\/www.pitpitpit.com\/blogue\/wp-content\/uploads\/DJ-grebe-huppe-en-parade_2a5a4842v3_27196596181_o-560x399.jpg\" width=\"560\" height=\"399\" srcset=\"https:\/\/www.pitpitpit.com\/blogue\/wp-content\/uploads\/DJ-grebe-huppe-en-parade_2a5a4842v3_27196596181_o-560x399.jpg 560w, https:\/\/www.pitpitpit.com\/blogue\/wp-content\/uploads\/DJ-grebe-huppe-en-parade_2a5a4842v3_27196596181_o-624x445.jpg 624w, https:\/\/www.pitpitpit.com\/blogue\/wp-content\/uploads\/DJ-grebe-huppe-en-parade_2a5a4842v3_27196596181_o.jpg 671w\" sizes=\"(max-width: 560px) 100vw, 560px\" \/><p id=\"caption-attachment-8934\" class=\"wp-caption-text\">Parade d&rsquo;un couple de Gr\u00e8bes hupp\u00e9s (Photo de Daniel Jauvin)<\/p><\/div>\n<p>Le Foulque macroule est bien pr\u00e9sent. Le soleil bat son plein et r\u00e9chauffe l&rsquo;excursion du matin de brillante fa\u00e7on. Nous reverrons plusieurs esp\u00e8ces d\u00e9j\u00e0 observ\u00e9es jusqu&rsquo;ici dans le voyage comme le Milan noir, le Flamant rose et l&rsquo;\u00c9chasse blanche.<\/p>\n<div id=\"attachment_8606\" style=\"width: 570px\" class=\"wp-caption alignnone\"><img aria-describedby=\"caption-attachment-8606\" decoding=\"async\" loading=\"lazy\" class=\"size-medium wp-image-8606\" alt=\"Milan noir\" src=\"https:\/\/www.pitpitpit.com\/blogue\/wp-content\/uploads\/2016-05-09_09-29-49_IMG_2572-560x385.jpg\" width=\"560\" height=\"385\" srcset=\"https:\/\/www.pitpitpit.com\/blogue\/wp-content\/uploads\/2016-05-09_09-29-49_IMG_2572-560x385.jpg 560w, https:\/\/www.pitpitpit.com\/blogue\/wp-content\/uploads\/2016-05-09_09-29-49_IMG_2572-624x429.jpg 624w, https:\/\/www.pitpitpit.com\/blogue\/wp-content\/uploads\/2016-05-09_09-29-49_IMG_2572.jpg 800w\" sizes=\"(max-width: 560px) 100vw, 560px\" \/><p id=\"caption-attachment-8606\" class=\"wp-caption-text\">Milan noir<\/p><\/div>\n<div id=\"attachment_8531\" style=\"width: 570px\" class=\"wp-caption alignnone\"><img aria-describedby=\"caption-attachment-8531\" decoding=\"async\" loading=\"lazy\" class=\"size-medium wp-image-8531\" alt=\"\u00c9chasse blanche\" src=\"https:\/\/www.pitpitpit.com\/blogue\/wp-content\/uploads\/2016-05-08_11-13-44_IMG_1900-560x370.jpg\" width=\"560\" height=\"370\" srcset=\"https:\/\/www.pitpitpit.com\/blogue\/wp-content\/uploads\/2016-05-08_11-13-44_IMG_1900-560x370.jpg 560w, https:\/\/www.pitpitpit.com\/blogue\/wp-content\/uploads\/2016-05-08_11-13-44_IMG_1900-624x412.jpg 624w, https:\/\/www.pitpitpit.com\/blogue\/wp-content\/uploads\/2016-05-08_11-13-44_IMG_1900.jpg 800w\" sizes=\"(max-width: 560px) 100vw, 560px\" \/><p id=\"caption-attachment-8531\" class=\"wp-caption-text\">\u00c9chasse blanche<\/p><\/div>\n<p>En nous dirigeant vers le centre des visiteurs, nous observons de nouvelles esp\u00e8ces comme le H\u00e9ron pourpr\u00e9 et le Crabier chevelu. Comme bonus, nous aurons la chance d&rsquo;observer le Faucon cr\u00e9cerelle, le Gr\u00e8be \u00e0 cou noir et la Tal\u00e8ve sultane. Une incursion vers une petite ruine am\u00e9nag\u00e9e nous offrira de belles vues sur le Faucon cr\u00e9cerellette, le plus petit falconidae d&rsquo;Europe. C&rsquo;est une esp\u00e8ce \u00e9troitement li\u00e9e aux pratiques agricoles: il a subi un d\u00e9clin important de sa population et semble maintenant se maintenir plut\u00f4t bien dans le parc o\u00f9 les proies sont abondantes. Dans les zones terrestres, nos premi\u00e8res Alouettes caladrelle se camouflent parfaitement sur le sol nu.<\/p>\n<div id=\"attachment_8597\" style=\"width: 570px\" class=\"wp-caption alignnone\"><img aria-describedby=\"caption-attachment-8597\" decoding=\"async\" loading=\"lazy\" class=\"size-medium wp-image-8597\" alt=\"Faucon cr\u00e9cerellette\" src=\"https:\/\/www.pitpitpit.com\/blogue\/wp-content\/uploads\/2016-05-09_06-40-34_IMG_2426-560x399.jpg\" width=\"560\" height=\"399\" srcset=\"https:\/\/www.pitpitpit.com\/blogue\/wp-content\/uploads\/2016-05-09_06-40-34_IMG_2426-560x399.jpg 560w, https:\/\/www.pitpitpit.com\/blogue\/wp-content\/uploads\/2016-05-09_06-40-34_IMG_2426-624x445.jpg 624w, https:\/\/www.pitpitpit.com\/blogue\/wp-content\/uploads\/2016-05-09_06-40-34_IMG_2426.jpg 800w\" sizes=\"(max-width: 560px) 100vw, 560px\" \/><p id=\"caption-attachment-8597\" class=\"wp-caption-text\">Faucon cr\u00e9cerellette<\/p><\/div>\n<p>Le retour nous donne deux gigantesques Aigles ib\u00e9riques dans le ciel. Les milans qui houspillaient l&rsquo;un d&rsquo;entre eux paraissent minuscules au loin.<\/p>\n<p><em>Textes extraits du r\u00e9cit de Jean-Philippe Gagnon, guide-accompagnateur du voyage de mai 2018. Photos de Serge Beaudette, prises lors de l&rsquo;\u00e9dition de mai 2016.<\/em><\/p>\n<p>&nbsp;<\/p>\n<p>Serge Beaudette<\/p>\n<p><strong><em>P.S.: Sachez qu&rsquo;une autre \u00e9dition de ce <a title=\"ESPAGNE\" href=\"https:\/\/www.pitpitpit.com\/blogue\/voyage-espagne\/\" target=\"_blank\">voyage en Espagne<\/a> aura lieu en mai 2020! Consultez la page qui d\u00e9crit ce voyage et \u00e9crivez-nous (<a href=\"mailto:info@pitpitpit.com\">info@pitpitpit.com<\/a>) si vous \u00eates interess\u00e9(e)!<\/em><\/strong><\/p>\n","protected":false},"excerpt":{"rendered":"<p>Bonjour! Billet sp\u00e9cial aujourd&rsquo;hui! Je vous pr\u00e9sente une r\u00e9trospective du voyage en Espagne qui a eu\u00a0 lieu en mai 2018 et qui ne vous a jamais \u00e9t\u00e9 pr\u00e9sent\u00e9! Ce voyage \u00e9tait accompagn\u00e9 par Jean-Philippe Gagnon: il vous est pr\u00e9sent\u00e9 ici avec une partie de son r\u00e9cit de voyage, agr\u00e9ment\u00e9 de photos que j&rsquo;avais prises lors [&hellip;]<\/p>\n","protected":false},"author":2,"featured_media":0,"comment_status":"open","ping_status":"open","sticky":false,"template":"","format":"standard","meta":[],"categories":[54,68,44,4],"tags":[],"yoast_head":"<!-- This site is optimized with the Yoast SEO plugin v19.13 - https:\/\/yoast.com\/wordpress\/plugins\/seo\/ -->\n<title>Voyage en Espagne (mai 2018) - 1 - Voyages ornithologiques Serge Beaudette<\/title>\n<meta name=\"robots\" content=\"index, follow, max-snippet:-1, max-image-preview:large, max-video-preview:-1\" \/>\n<link rel=\"canonical\" href=\"https:\/\/www.pitpitpit.com\/blogue\/voyage-en-espagne-mai-2018-1\/\" \/>\n<meta property=\"og:locale\" content=\"fr_FR\" \/>\n<meta property=\"og:type\" content=\"article\" \/>\n<meta property=\"og:title\" content=\"Voyage en Espagne (mai 2018) - 1 - Voyages ornithologiques Serge Beaudette\" \/>\n<meta property=\"og:description\" content=\"Bonjour! Billet sp\u00e9cial aujourd&rsquo;hui! Je vous pr\u00e9sente une r\u00e9trospective du voyage en Espagne qui a eu\u00a0 lieu en mai 2018 et qui ne vous a jamais \u00e9t\u00e9 pr\u00e9sent\u00e9! Ce voyage \u00e9tait accompagn\u00e9 par Jean-Philippe Gagnon: il vous est pr\u00e9sent\u00e9 ici avec une partie de son r\u00e9cit de voyage, agr\u00e9ment\u00e9 de photos que j&rsquo;avais prises lors [&hellip;]\" \/>\n<meta property=\"og:url\" content=\"https:\/\/www.pitpitpit.com\/blogue\/voyage-en-espagne-mai-2018-1\/\" \/>\n<meta property=\"og:site_name\" content=\"Voyages ornithologiques Serge Beaudette\" \/>\n<meta property=\"article:publisher\" content=\"https:\/\/www.facebook.com\/pitpitpitoiseaux\" \/>\n<meta property=\"article:published_time\" content=\"2020-02-11T02:57:59+00:00\" \/>\n<meta property=\"article:modified_time\" content=\"2020-02-16T22:31:55+00:00\" \/>\n<meta property=\"og:image\" content=\"http:\/\/www.pitpitpit.com\/blogue\/wp-content\/uploads\/2016-05-07_09-31-33_IMG_11871-560x393.jpg\" \/>\n<meta name=\"author\" content=\"Serge Beaudette\" \/>\n<meta name=\"twitter:card\" content=\"summary_large_image\" \/>\n<meta name=\"twitter:label1\" content=\"\u00c9crit par\" \/>\n\t<meta name=\"twitter:data1\" content=\"Serge Beaudette\" \/>\n\t<meta name=\"twitter:label2\" content=\"Dur\u00e9e de lecture estim\u00e9e\" \/>\n\t<meta name=\"twitter:data2\" content=\"4 minutes\" \/>\n<script type=\"application\/ld+json\" class=\"yoast-schema-graph\">{\"@context\":\"https:\/\/schema.org\",\"@graph\":[{\"@type\":\"Article\",\"@id\":\"https:\/\/www.pitpitpit.com\/blogue\/voyage-en-espagne-mai-2018-1\/#article\",\"isPartOf\":{\"@id\":\"https:\/\/www.pitpitpit.com\/blogue\/voyage-en-espagne-mai-2018-1\/\"},\"author\":{\"name\":\"Serge Beaudette\",\"@id\":\"https:\/\/www.pitpitpit.com\/blogue\/#\/schema\/person\/4c4cad6b3e1b14eee63054e988653a51\"},\"headline\":\"Voyage en Espagne (mai 2018) &#8211; 1\",\"datePublished\":\"2020-02-11T02:57:59+00:00\",\"dateModified\":\"2020-02-16T22:31:55+00:00\",\"mainEntityOfPage\":{\"@id\":\"https:\/\/www.pitpitpit.com\/blogue\/voyage-en-espagne-mai-2018-1\/\"},\"wordCount\":890,\"commentCount\":2,\"publisher\":{\"@id\":\"https:\/\/www.pitpitpit.com\/blogue\/#organization\"},\"articleSection\":[\"Espagne\",\"Espagne 2018\",\"PITPIT en voyage\",\"Voyages\"],\"inLanguage\":\"fr-FR\",\"potentialAction\":[{\"@type\":\"CommentAction\",\"name\":\"Comment\",\"target\":[\"https:\/\/www.pitpitpit.com\/blogue\/voyage-en-espagne-mai-2018-1\/#respond\"]}]},{\"@type\":\"WebPage\",\"@id\":\"https:\/\/www.pitpitpit.com\/blogue\/voyage-en-espagne-mai-2018-1\/\",\"url\":\"https:\/\/www.pitpitpit.com\/blogue\/voyage-en-espagne-mai-2018-1\/\",\"name\":\"Voyage en Espagne (mai 2018) - 1 - Voyages ornithologiques Serge Beaudette\",\"isPartOf\":{\"@id\":\"https:\/\/www.pitpitpit.com\/blogue\/#website\"},\"datePublished\":\"2020-02-11T02:57:59+00:00\",\"dateModified\":\"2020-02-16T22:31:55+00:00\",\"breadcrumb\":{\"@id\":\"https:\/\/www.pitpitpit.com\/blogue\/voyage-en-espagne-mai-2018-1\/#breadcrumb\"},\"inLanguage\":\"fr-FR\",\"potentialAction\":[{\"@type\":\"ReadAction\",\"target\":[\"https:\/\/www.pitpitpit.com\/blogue\/voyage-en-espagne-mai-2018-1\/\"]}]},{\"@type\":\"BreadcrumbList\",\"@id\":\"https:\/\/www.pitpitpit.com\/blogue\/voyage-en-espagne-mai-2018-1\/#breadcrumb\",\"itemListElement\":[{\"@type\":\"ListItem\",\"position\":1,\"name\":\"Accueil\",\"item\":\"https:\/\/www.pitpitpit.com\/blogue\/\"},{\"@type\":\"ListItem\",\"position\":2,\"name\":\"Voyage en Espagne (mai 2018) &#8211; 1\"}]},{\"@type\":\"WebSite\",\"@id\":\"https:\/\/www.pitpitpit.com\/blogue\/#website\",\"url\":\"https:\/\/www.pitpitpit.com\/blogue\/\",\"name\":\"Serge Beaudette Nature\",\"description\":\"Explorer, D\u00e9couvrir, Conna\u00eetre, S&#039;\u00e9merveiller!\",\"publisher\":{\"@id\":\"https:\/\/www.pitpitpit.com\/blogue\/#organization\"},\"potentialAction\":[{\"@type\":\"SearchAction\",\"target\":{\"@type\":\"EntryPoint\",\"urlTemplate\":\"https:\/\/www.pitpitpit.com\/blogue\/?s={search_term_string}\"},\"query-input\":\"required name=search_term_string\"}],\"inLanguage\":\"fr-FR\"},{\"@type\":\"Organization\",\"@id\":\"https:\/\/www.pitpitpit.com\/blogue\/#organization\",\"name\":\"Serge Beaudette Nature\",\"url\":\"https:\/\/www.pitpitpit.com\/blogue\/\",\"logo\":{\"@type\":\"ImageObject\",\"inLanguage\":\"fr-FR\",\"@id\":\"https:\/\/www.pitpitpit.com\/blogue\/#\/schema\/logo\/image\/\",\"url\":\"https:\/\/www.pitpitpit.com\/blogue\/wp-content\/uploads\/logo-web.jpg\",\"contentUrl\":\"https:\/\/www.pitpitpit.com\/blogue\/wp-content\/uploads\/logo-web.jpg\",\"width\":284,\"height\":172,\"caption\":\"Serge Beaudette Nature\"},\"image\":{\"@id\":\"https:\/\/www.pitpitpit.com\/blogue\/#\/schema\/logo\/image\/\"},\"sameAs\":[\"https:\/\/www.facebook.com\/pitpitpitoiseaux\"]},{\"@type\":\"Person\",\"@id\":\"https:\/\/www.pitpitpit.com\/blogue\/#\/schema\/person\/4c4cad6b3e1b14eee63054e988653a51\",\"name\":\"Serge Beaudette\",\"image\":{\"@type\":\"ImageObject\",\"inLanguage\":\"fr-FR\",\"@id\":\"https:\/\/www.pitpitpit.com\/blogue\/#\/schema\/person\/image\/\",\"url\":\"https:\/\/secure.gravatar.com\/avatar\/96fb3f8adc6353b0961c6bde0d562ac6?s=96&d=mm&r=g\",\"contentUrl\":\"https:\/\/secure.gravatar.com\/avatar\/96fb3f8adc6353b0961c6bde0d562ac6?s=96&d=mm&r=g\",\"caption\":\"Serge Beaudette\"},\"sameAs\":[\"http:\/\/www.pitpitpit.com\"],\"url\":\"https:\/\/www.pitpitpit.com\/blogue\/author\/serge\/\"}]}<\/script>\n<!-- \/ Yoast SEO plugin. -->","yoast_head_json":{"title":"Voyage en Espagne (mai 2018) - 1 - Voyages ornithologiques Serge Beaudette","robots":{"index":"index","follow":"follow","max-snippet":"max-snippet:-1","max-image-preview":"max-image-preview:large","max-video-preview":"max-video-preview:-1"},"canonical":"https:\/\/www.pitpitpit.com\/blogue\/voyage-en-espagne-mai-2018-1\/","og_locale":"fr_FR","og_type":"article","og_title":"Voyage en Espagne (mai 2018) - 1 - Voyages ornithologiques Serge Beaudette","og_description":"Bonjour! Billet sp\u00e9cial aujourd&rsquo;hui! Je vous pr\u00e9sente une r\u00e9trospective du voyage en Espagne qui a eu\u00a0 lieu en mai 2018 et qui ne vous a jamais \u00e9t\u00e9 pr\u00e9sent\u00e9! Ce voyage \u00e9tait accompagn\u00e9 par Jean-Philippe Gagnon: il vous est pr\u00e9sent\u00e9 ici avec une partie de son r\u00e9cit de voyage, agr\u00e9ment\u00e9 de photos que j&rsquo;avais prises lors [&hellip;]","og_url":"https:\/\/www.pitpitpit.com\/blogue\/voyage-en-espagne-mai-2018-1\/","og_site_name":"Voyages ornithologiques Serge Beaudette","article_publisher":"https:\/\/www.facebook.com\/pitpitpitoiseaux","article_published_time":"2020-02-11T02:57:59+00:00","article_modified_time":"2020-02-16T22:31:55+00:00","og_image":[{"url":"http:\/\/www.pitpitpit.com\/blogue\/wp-content\/uploads\/2016-05-07_09-31-33_IMG_11871-560x393.jpg"}],"author":"Serge Beaudette","twitter_card":"summary_large_image","twitter_misc":{"\u00c9crit par":"Serge Beaudette","Dur\u00e9e de lecture estim\u00e9e":"4 minutes"},"schema":{"@context":"https:\/\/schema.org","@graph":[{"@type":"Article","@id":"https:\/\/www.pitpitpit.com\/blogue\/voyage-en-espagne-mai-2018-1\/#article","isPartOf":{"@id":"https:\/\/www.pitpitpit.com\/blogue\/voyage-en-espagne-mai-2018-1\/"},"author":{"name":"Serge Beaudette","@id":"https:\/\/www.pitpitpit.com\/blogue\/#\/schema\/person\/4c4cad6b3e1b14eee63054e988653a51"},"headline":"Voyage en Espagne (mai 2018) &#8211; 1","datePublished":"2020-02-11T02:57:59+00:00","dateModified":"2020-02-16T22:31:55+00:00","mainEntityOfPage":{"@id":"https:\/\/www.pitpitpit.com\/blogue\/voyage-en-espagne-mai-2018-1\/"},"wordCount":890,"commentCount":2,"publisher":{"@id":"https:\/\/www.pitpitpit.com\/blogue\/#organization"},"articleSection":["Espagne","Espagne 2018","PITPIT en voyage","Voyages"],"inLanguage":"fr-FR","potentialAction":[{"@type":"CommentAction","name":"Comment","target":["https:\/\/www.pitpitpit.com\/blogue\/voyage-en-espagne-mai-2018-1\/#respond"]}]},{"@type":"WebPage","@id":"https:\/\/www.pitpitpit.com\/blogue\/voyage-en-espagne-mai-2018-1\/","url":"https:\/\/www.pitpitpit.com\/blogue\/voyage-en-espagne-mai-2018-1\/","name":"Voyage en Espagne (mai 2018) - 1 - Voyages ornithologiques Serge Beaudette","isPartOf":{"@id":"https:\/\/www.pitpitpit.com\/blogue\/#website"},"datePublished":"2020-02-11T02:57:59+00:00","dateModified":"2020-02-16T22:31:55+00:00","breadcrumb":{"@id":"https:\/\/www.pitpitpit.com\/blogue\/voyage-en-espagne-mai-2018-1\/#breadcrumb"},"inLanguage":"fr-FR","potentialAction":[{"@type":"ReadAction","target":["https:\/\/www.pitpitpit.com\/blogue\/voyage-en-espagne-mai-2018-1\/"]}]},{"@type":"BreadcrumbList","@id":"https:\/\/www.pitpitpit.com\/blogue\/voyage-en-espagne-mai-2018-1\/#breadcrumb","itemListElement":[{"@type":"ListItem","position":1,"name":"Accueil","item":"https:\/\/www.pitpitpit.com\/blogue\/"},{"@type":"ListItem","position":2,"name":"Voyage en Espagne (mai 2018) &#8211; 1"}]},{"@type":"WebSite","@id":"https:\/\/www.pitpitpit.com\/blogue\/#website","url":"https:\/\/www.pitpitpit.com\/blogue\/","name":"Serge Beaudette Nature","description":"Explorer, D\u00e9couvrir, Conna\u00eetre, S&#039;\u00e9merveiller!","publisher":{"@id":"https:\/\/www.pitpitpit.com\/blogue\/#organization"},"potentialAction":[{"@type":"SearchAction","target":{"@type":"EntryPoint","urlTemplate":"https:\/\/www.pitpitpit.com\/blogue\/?s={search_term_string}"},"query-input":"required name=search_term_string"}],"inLanguage":"fr-FR"},{"@type":"Organization","@id":"https:\/\/www.pitpitpit.com\/blogue\/#organization","name":"Serge Beaudette Nature","url":"https:\/\/www.pitpitpit.com\/blogue\/","logo":{"@type":"ImageObject","inLanguage":"fr-FR","@id":"https:\/\/www.pitpitpit.com\/blogue\/#\/schema\/logo\/image\/","url":"https:\/\/www.pitpitpit.com\/blogue\/wp-content\/uploads\/logo-web.jpg","contentUrl":"https:\/\/www.pitpitpit.com\/blogue\/wp-content\/uploads\/logo-web.jpg","width":284,"height":172,"caption":"Serge Beaudette Nature"},"image":{"@id":"https:\/\/www.pitpitpit.com\/blogue\/#\/schema\/logo\/image\/"},"sameAs":["https:\/\/www.facebook.com\/pitpitpitoiseaux"]},{"@type":"Person","@id":"https:\/\/www.pitpitpit.com\/blogue\/#\/schema\/person\/4c4cad6b3e1b14eee63054e988653a51","name":"Serge Beaudette","image":{"@type":"ImageObject","inLanguage":"fr-FR","@id":"https:\/\/www.pitpitpit.com\/blogue\/#\/schema\/person\/image\/","url":"https:\/\/secure.gravatar.com\/avatar\/96fb3f8adc6353b0961c6bde0d562ac6?s=96&d=mm&r=g","contentUrl":"https:\/\/secure.gravatar.com\/avatar\/96fb3f8adc6353b0961c6bde0d562ac6?s=96&d=mm&r=g","caption":"Serge Beaudette"},"sameAs":["http:\/\/www.pitpitpit.com"],"url":"https:\/\/www.pitpitpit.com\/blogue\/author\/serge\/"}]}},"_links":{"self":[{"href":"https:\/\/www.pitpitpit.com\/blogue\/wp-json\/wp\/v2\/posts\/13024"}],"collection":[{"href":"https:\/\/www.pitpitpit.com\/blogue\/wp-json\/wp\/v2\/posts"}],"about":[{"href":"https:\/\/www.pitpitpit.com\/blogue\/wp-json\/wp\/v2\/types\/post"}],"author":[{"embeddable":true,"href":"https:\/\/www.pitpitpit.com\/blogue\/wp-json\/wp\/v2\/users\/2"}],"replies":[{"embeddable":true,"href":"https:\/\/www.pitpitpit.com\/blogue\/wp-json\/wp\/v2\/comments?post=13024"}],"version-history":[{"count":13,"href":"https:\/\/www.pitpitpit.com\/blogue\/wp-json\/wp\/v2\/posts\/13024\/revisions"}],"predecessor-version":[{"id":13112,"href":"https:\/\/www.pitpitpit.com\/blogue\/wp-json\/wp\/v2\/posts\/13024\/revisions\/13112"}],"wp:attachment":[{"href":"https:\/\/www.pitpitpit.com\/blogue\/wp-json\/wp\/v2\/media?parent=13024"}],"wp:term":[{"taxonomy":"category","embeddable":true,"href":"https:\/\/www.pitpitpit.com\/blogue\/wp-json\/wp\/v2\/categories?post=13024"},{"taxonomy":"post_tag","embeddable":true,"href":"https:\/\/www.pitpitpit.com\/blogue\/wp-json\/wp\/v2\/tags?post=13024"}],"curies":[{"name":"wp","href":"https:\/\/api.w.org\/{rel}","templated":true}]}}