{"id":7363,"date":"2016-03-01T21:51:38","date_gmt":"2016-03-02T02:51:38","guid":{"rendered":"http:\/\/www.pitpitpit.com\/blogue\/?p=7363"},"modified":"2016-03-01T15:55:17","modified_gmt":"2016-03-01T20:55:17","slug":"costa-rica-2016-fevrier-14","status":"publish","type":"post","link":"https:\/\/www.pitpitpit.com\/blogue\/costa-rica-2016-fevrier-14\/","title":{"rendered":"Costa Rica 2016 (f\u00e9vrier) &#8211; 14"},"content":{"rendered":"<p>.<\/p>\n<div id=\"attachment_7371\" style=\"width: 810px\" class=\"wp-caption alignnone\"><a href=\"https:\/\/www.pitpitpit.com\/blogue\/wp-content\/uploads\/2016-02-24_15-27-38_DSC_0154.jpg\"><img aria-describedby=\"caption-attachment-7371\" decoding=\"async\" loading=\"lazy\" class=\"size-full wp-image-7371\" alt=\"Aujourd'hui, nous quittons la c\u00f4te Pacifique, au niveau de la mer, l\u00e0 o\u00f9 il fait 38 degr\u00e9s \u00e0 l'ombre, pour rejoindre les sommets de la Cordill\u00e8re de Talamanca, \u00e0 3500 m\u00e8tres de haut! \u00c0 cette altitude, les nuits descendent parfois sous le point de cong\u00e9lation! Nous changerons de plan\u00e8te, carr\u00e9ment... en 3 heures \u00e0 peine!!!\" src=\"https:\/\/www.pitpitpit.com\/blogue\/wp-content\/uploads\/2016-02-24_15-27-38_DSC_0154.jpg\" width=\"800\" height=\"446\" srcset=\"https:\/\/www.pitpitpit.com\/blogue\/wp-content\/uploads\/2016-02-24_15-27-38_DSC_0154.jpg 800w, https:\/\/www.pitpitpit.com\/blogue\/wp-content\/uploads\/2016-02-24_15-27-38_DSC_0154-560x312.jpg 560w, https:\/\/www.pitpitpit.com\/blogue\/wp-content\/uploads\/2016-02-24_15-27-38_DSC_0154-624x347.jpg 624w\" sizes=\"(max-width: 800px) 100vw, 800px\" \/><\/a><p id=\"caption-attachment-7371\" class=\"wp-caption-text\">Aujourd&rsquo;hui, nous quittons la c\u00f4te Pacifique, au niveau de la mer, l\u00e0 o\u00f9 il fait 38 degr\u00e9s \u00e0 l&rsquo;ombre, pour rejoindre les sommets de la Cordill\u00e8re de Talamanca, \u00e0 3500 m\u00e8tres de haut! \u00c0 cette altitude, les nuits descendent parfois sous le point de cong\u00e9lation! Nous changerons de plan\u00e8te, carr\u00e9ment&#8230; en 3 heures \u00e0 peine!!!<\/p><\/div>\n<p>&nbsp;<\/p>\n<p>&nbsp;<\/p>\n<div id=\"attachment_7364\" style=\"width: 810px\" class=\"wp-caption alignnone\"><a href=\"https:\/\/www.pitpitpit.com\/blogue\/wp-content\/uploads\/2016-02-24_12-51-49_IMG_1027.jpg\"><img aria-describedby=\"caption-attachment-7364\" decoding=\"async\" loading=\"lazy\" class=\"size-full wp-image-7364\" alt=\"Sur la route, \u00e0 moiti\u00e9 de l'altitude recherch\u00e9e, nous dinerons dans un restaurant \u00e0 flanc de montagne, o\u00f9 nous ferons des observations fascinantes!!! Entre autres, des Nauciers \u00e0 queue fourchue, qui planent des heures sans jamais battre des ailes, en faisant des acrobaties (d'o\u00f9 leur nom de &quot;Kite&quot; en anglais (cerf-volant!)) Au lieu de passer loin au-dessus de nos t\u00eates comme \u00e0 l'habitude, ils passeront juste devant nous, \u00e0 hauteur des yeux, juch\u00e9 d'o\u00f9 nous sommes!!!\" src=\"https:\/\/www.pitpitpit.com\/blogue\/wp-content\/uploads\/2016-02-24_12-51-49_IMG_1027.jpg\" width=\"800\" height=\"505\" srcset=\"https:\/\/www.pitpitpit.com\/blogue\/wp-content\/uploads\/2016-02-24_12-51-49_IMG_1027.jpg 800w, https:\/\/www.pitpitpit.com\/blogue\/wp-content\/uploads\/2016-02-24_12-51-49_IMG_1027-560x353.jpg 560w, https:\/\/www.pitpitpit.com\/blogue\/wp-content\/uploads\/2016-02-24_12-51-49_IMG_1027-624x393.jpg 624w\" sizes=\"(max-width: 800px) 100vw, 800px\" \/><\/a><p id=\"caption-attachment-7364\" class=\"wp-caption-text\">Sur la route, \u00e0 moiti\u00e9 de l&rsquo;altitude recherch\u00e9e, nous d\u00eenerons dans un restaurant \u00e0 flanc de montagne, o\u00f9 nous ferons des observations fascinantes!!! Entre autres, des Nauciers \u00e0 queue fourchue, qui planent des heures sans jamais battre des ailes, en faisant des acrobaties (d&rsquo;o\u00f9 leur nom de \u00ab\u00a0Kite\u00a0\u00bb en anglais (cerf-volant!)) Au lieu de passer loin au-dessus de nos t\u00eates comme \u00e0 l&rsquo;habitude, ils passeront juste devant nous, \u00e0 hauteur des yeux, juch\u00e9s o\u00f9 nous sommes!!!<\/p><\/div>\n<p>&nbsp;<\/p>\n<p>&nbsp;<\/p>\n<div id=\"attachment_7365\" style=\"width: 810px\" class=\"wp-caption alignnone\"><a href=\"https:\/\/www.pitpitpit.com\/blogue\/wp-content\/uploads\/2016-02-24_12-59-02_IMG_1094.jpg\"><img aria-describedby=\"caption-attachment-7365\" decoding=\"async\" loading=\"lazy\" class=\"size-full wp-image-7365\" alt=\"Pour vous montrer la diversit\u00e9 des oiseaux partout, je prends ici une seule fleur de bananier, et en l'espace de 15 minutes, 3 esp\u00e8ces sont venues s'y nourrir! Imaginez \u00e0 l'\u00e9chelle de tout ce qu'on voit ici, toutes les fleurs, tous les arbres, etc.! D'abord, le Sucrier \u00e0 ventre jaune, un petit oiseau se nourrissant de nectar comme les colibris, mais en se perchant! \" src=\"https:\/\/www.pitpitpit.com\/blogue\/wp-content\/uploads\/2016-02-24_12-59-02_IMG_1094.jpg\" width=\"800\" height=\"554\" srcset=\"https:\/\/www.pitpitpit.com\/blogue\/wp-content\/uploads\/2016-02-24_12-59-02_IMG_1094.jpg 800w, https:\/\/www.pitpitpit.com\/blogue\/wp-content\/uploads\/2016-02-24_12-59-02_IMG_1094-560x387.jpg 560w, https:\/\/www.pitpitpit.com\/blogue\/wp-content\/uploads\/2016-02-24_12-59-02_IMG_1094-624x432.jpg 624w\" sizes=\"(max-width: 800px) 100vw, 800px\" \/><\/a><p id=\"caption-attachment-7365\" class=\"wp-caption-text\">Pour vous montrer la diversit\u00e9 des oiseaux partout, je prends ici une seule fleur de bananier, et en l&rsquo;espace de 15 minutes, 3 esp\u00e8ces sont venues s&rsquo;y nourrir! Imaginez \u00e0 l&rsquo;\u00e9chelle de tout ce qu&rsquo;on voit ici, toutes les fleurs, tous les arbres, etc.! D&rsquo;abord, le Sucrier \u00e0 ventre jaune, un petit oiseau se nourrissant de nectar comme les colibris, mais en se perchant!<\/p><\/div>\n<p>&nbsp;<\/p>\n<p>&nbsp;<\/p>\n<div id=\"attachment_7366\" style=\"width: 810px\" class=\"wp-caption alignnone\"><a href=\"https:\/\/www.pitpitpit.com\/blogue\/wp-content\/uploads\/2016-02-24_13-17-18_IMG_1182.jpg\"><img aria-describedby=\"caption-attachment-7366\" decoding=\"async\" loading=\"lazy\" class=\"size-full wp-image-7366\" alt=\"Ensuite, un colibri, le Brillant fer-de-lance, qui choisi aussi de se percher  pour boire le nectar de cette fleur de bananier.\" src=\"https:\/\/www.pitpitpit.com\/blogue\/wp-content\/uploads\/2016-02-24_13-17-18_IMG_1182.jpg\" width=\"800\" height=\"543\" srcset=\"https:\/\/www.pitpitpit.com\/blogue\/wp-content\/uploads\/2016-02-24_13-17-18_IMG_1182.jpg 800w, https:\/\/www.pitpitpit.com\/blogue\/wp-content\/uploads\/2016-02-24_13-17-18_IMG_1182-560x380.jpg 560w, https:\/\/www.pitpitpit.com\/blogue\/wp-content\/uploads\/2016-02-24_13-17-18_IMG_1182-624x423.jpg 624w\" sizes=\"(max-width: 800px) 100vw, 800px\" \/><\/a><p id=\"caption-attachment-7366\" class=\"wp-caption-text\">Ensuite, un colibri, le Brillant fer-de-lance, qui choisit aussi de se percher pour boire le nectar de cette fleur de bananier.<\/p><\/div>\n<p>&nbsp;<\/p>\n<p>&nbsp;<\/p>\n<div id=\"attachment_7368\" style=\"width: 810px\" class=\"wp-caption alignnone\"><a href=\"https:\/\/www.pitpitpit.com\/blogue\/wp-content\/uploads\/2016-02-24_13-18-13_IMG_1196.jpg\"><img aria-describedby=\"caption-attachment-7368\" decoding=\"async\" loading=\"lazy\" class=\"size-full wp-image-7368\" alt=\"...Il vient s'abreuver un bon moment, pour le bonheur de tous!!! Cet oiseau est tr\u00e8s impr\u00e9visible et il faut \u00eatre au bon moment \u00e0 la bonne place!!!\" src=\"https:\/\/www.pitpitpit.com\/blogue\/wp-content\/uploads\/2016-02-24_13-18-13_IMG_1196.jpg\" width=\"800\" height=\"561\" srcset=\"https:\/\/www.pitpitpit.com\/blogue\/wp-content\/uploads\/2016-02-24_13-18-13_IMG_1196.jpg 800w, https:\/\/www.pitpitpit.com\/blogue\/wp-content\/uploads\/2016-02-24_13-18-13_IMG_1196-560x392.jpg 560w, https:\/\/www.pitpitpit.com\/blogue\/wp-content\/uploads\/2016-02-24_13-18-13_IMG_1196-624x437.jpg 624w\" sizes=\"(max-width: 800px) 100vw, 800px\" \/><\/a><p id=\"caption-attachment-7368\" class=\"wp-caption-text\">&#8230;Il vient s&rsquo;abreuver un bon moment, pour le bonheur de tous!!! Cet oiseau est tr\u00e8s impr\u00e9visible et il faut \u00eatre au bon moment \u00e0 la bonne place!!!<\/p><\/div>\n<p>&nbsp;<\/p>\n<p>&nbsp;<\/p>\n<div id=\"attachment_7372\" style=\"width: 611px\" class=\"wp-caption alignnone\"><a href=\"https:\/\/www.pitpitpit.com\/blogue\/wp-content\/uploads\/2016-02-25_10-39-44_IMG_1452.jpg\"><img aria-describedby=\"caption-attachment-7372\" decoding=\"async\" loading=\"lazy\" class=\"size-full wp-image-7372\" alt=\"Quand on monte en altitude, le climat change, la v\u00e9g\u00e9tation change, et les oiseaux changent aussi...! C'est tr\u00e8s haut que nous rencontrons les Pics glandivores, surnomm\u00e9s les &quot;Pics clowns&quot;!!! \" src=\"https:\/\/www.pitpitpit.com\/blogue\/wp-content\/uploads\/2016-02-25_10-39-44_IMG_1452.jpg\" width=\"601\" height=\"800\" srcset=\"https:\/\/www.pitpitpit.com\/blogue\/wp-content\/uploads\/2016-02-25_10-39-44_IMG_1452.jpg 601w, https:\/\/www.pitpitpit.com\/blogue\/wp-content\/uploads\/2016-02-25_10-39-44_IMG_1452-560x745.jpg 560w\" sizes=\"(max-width: 601px) 100vw, 601px\" \/><\/a><p id=\"caption-attachment-7372\" class=\"wp-caption-text\">Quand on monte en altitude, le climat change, la v\u00e9g\u00e9tation change, et les oiseaux changent aussi&#8230;! C&rsquo;est tr\u00e8s haut que nous rencontrons les Pics glandivores, surnomm\u00e9s les \u00ab\u00a0Pics clowns\u00a0\u00bb!!!<\/p><\/div>\n<p>&nbsp;<\/p>\n<p>&nbsp;<\/p>\n<div id=\"attachment_7374\" style=\"width: 597px\" class=\"wp-caption alignnone\"><a href=\"https:\/\/www.pitpitpit.com\/blogue\/wp-content\/uploads\/2016-02-25_10-42-26_IMG_1477.jpg\"><img aria-describedby=\"caption-attachment-7374\" decoding=\"async\" loading=\"lazy\" class=\"size-full wp-image-7374\" alt=\"Ici, tout comme en Am\u00e9rique du Nord, les Pics glandivores retrouvent \u00e0 peu pr\u00e8s le m\u00eame climat! ...Et aux deux endroits, ils sont nicheurs! (Comme le montre ce 3e individu qui se sort la t\u00eate de sa cavit\u00e9!)\" src=\"https:\/\/www.pitpitpit.com\/blogue\/wp-content\/uploads\/2016-02-25_10-42-26_IMG_1477.jpg\" width=\"587\" height=\"800\" srcset=\"https:\/\/www.pitpitpit.com\/blogue\/wp-content\/uploads\/2016-02-25_10-42-26_IMG_1477.jpg 587w, https:\/\/www.pitpitpit.com\/blogue\/wp-content\/uploads\/2016-02-25_10-42-26_IMG_1477-560x763.jpg 560w\" sizes=\"(max-width: 587px) 100vw, 587px\" \/><\/a><p id=\"caption-attachment-7374\" class=\"wp-caption-text\">Ici, tout comme en Am\u00e9rique du Nord, les Pics glandivores retrouvent \u00e0 peu pr\u00e8s le m\u00eame climat! &#8230;Et aux deux endroits, ils sont nicheurs! (Comme le montre ce 3e individu qui se sort la t\u00eate de sa cavit\u00e9!)<\/p><\/div>\n<p>&nbsp;<\/p>\n<p>&nbsp;<\/p>\n<div id=\"attachment_7373\" style=\"width: 810px\" class=\"wp-caption alignnone\"><a href=\"https:\/\/www.pitpitpit.com\/blogue\/wp-content\/uploads\/2016-02-25_10-42-26_IMG_1473.jpg\"><img aria-describedby=\"caption-attachment-7373\" decoding=\"async\" loading=\"lazy\" class=\"size-full wp-image-7373\" alt=\"...Et je surprends un des individus, en plein travail de forage de sa cavit\u00e9 pour nicher! ...Je suis surpris de voir 3 individus adultes, habituellement hyper territoriaux, sans bataille, sur le m\u00eame arbre! Un arbre qui sert de maison \u00e0 l'un d'entre eux de surcro\u00eet...\" src=\"https:\/\/www.pitpitpit.com\/blogue\/wp-content\/uploads\/2016-02-25_10-42-26_IMG_1473.jpg\" width=\"800\" height=\"572\" srcset=\"https:\/\/www.pitpitpit.com\/blogue\/wp-content\/uploads\/2016-02-25_10-42-26_IMG_1473.jpg 800w, https:\/\/www.pitpitpit.com\/blogue\/wp-content\/uploads\/2016-02-25_10-42-26_IMG_1473-560x400.jpg 560w, https:\/\/www.pitpitpit.com\/blogue\/wp-content\/uploads\/2016-02-25_10-42-26_IMG_1473-624x446.jpg 624w\" sizes=\"(max-width: 800px) 100vw, 800px\" \/><\/a><p id=\"caption-attachment-7373\" class=\"wp-caption-text\">&#8230;Et je surprends un des individus, en plein travail de forage de sa cavit\u00e9 pour nicher! &#8230;Je suis surpris de voir 3 individus adultes, habituellement hyper territoriaux, sans bataille, sur le m\u00eame arbre! Un arbre qui sert de maison \u00e0 l&rsquo;un d&rsquo;entre eux de surcro\u00eet&#8230;<\/p><\/div>\n<p>&nbsp;<\/p>\n<p>&nbsp;<\/p>\n<div id=\"attachment_7376\" style=\"width: 810px\" class=\"wp-caption alignnone\"><a href=\"https:\/\/www.pitpitpit.com\/blogue\/wp-content\/uploads\/2016-02-26_08-18-57_IMG_2010.jpg\"><img aria-describedby=\"caption-attachment-7376\" decoding=\"async\" loading=\"lazy\" class=\"size-full wp-image-7376\" alt=\"C'est aussi en altitude que nous retrouvons une famille d'oiseaux, consid\u00e9r\u00e9e jusqu'\u00e0 r\u00e9cemment comme \u00e9tant des Tangaras, les Chlorospins! Dont le repr\u00e9sentant le plus abondant ici: le Chlorospin \u00e0 sourcils bris\u00e9s!!! Ils sont parfois assez nombreux pour que \u00e7a me donne envie de changer de m\u00e9tier pour faire beaucoup d'argent et devenir &quot;r\u00e9parateur de sourcils bris\u00e9s&quot;!!! C'est un petit oiseau plein de personnalit\u00e9, et qui arpente la for\u00eat d'altitude toujours avec un petit groupe d'amis, en \u00e9mettant des petits cris sans arr\u00eat!\" src=\"https:\/\/www.pitpitpit.com\/blogue\/wp-content\/uploads\/2016-02-26_08-18-57_IMG_2010.jpg\" width=\"800\" height=\"569\" srcset=\"https:\/\/www.pitpitpit.com\/blogue\/wp-content\/uploads\/2016-02-26_08-18-57_IMG_2010.jpg 800w, https:\/\/www.pitpitpit.com\/blogue\/wp-content\/uploads\/2016-02-26_08-18-57_IMG_2010-560x398.jpg 560w, https:\/\/www.pitpitpit.com\/blogue\/wp-content\/uploads\/2016-02-26_08-18-57_IMG_2010-624x443.jpg 624w\" sizes=\"(max-width: 800px) 100vw, 800px\" \/><\/a><p id=\"caption-attachment-7376\" class=\"wp-caption-text\">C&rsquo;est aussi en altitude que nous retrouvons une famille d&rsquo;oiseaux, consid\u00e9r\u00e9e jusqu&rsquo;\u00e0 r\u00e9cemment comme \u00e9tant des Tangaras, les Chlorospins! Dont le repr\u00e9sentant le plus abondant ici: le Chlorospin \u00e0 sourcils bris\u00e9s!!! Ils sont parfois assez nombreux pour que \u00e7a me donne envie de changer de m\u00e9tier pour faire beaucoup d&rsquo;argent et devenir \u00ab\u00a0r\u00e9parateur de sourcils bris\u00e9s\u00a0\u00bb!!! C&rsquo;est un petit oiseau plein de personnalit\u00e9, et qui arpente la for\u00eat d&rsquo;altitude toujours avec un petit groupe d&rsquo;amis, en \u00e9mettant des petits cris sans arr\u00eat!<\/p><\/div>\n<p>&nbsp;<\/p>\n<p>&nbsp;<\/p>\n<div id=\"attachment_7375\" style=\"width: 810px\" class=\"wp-caption alignnone\"><a href=\"https:\/\/www.pitpitpit.com\/blogue\/wp-content\/uploads\/2016-02-26_08-16-16_IMG_1991.jpg\"><img aria-describedby=\"caption-attachment-7375\" decoding=\"async\" loading=\"lazy\" class=\"size-full wp-image-7375\" alt=\"Et alors que nous avons eu le Merle fauve (embl\u00e8me aviaire du pays) en ABONDANCE en basse altitude, plus on monte, nous changeons de &quot;merle&quot;... Un peu plus haut, 2 esp\u00e8ces plut\u00f4t rares que nous ne verrons pas... un peu plus haut, le Merle de montagnes que nous verrons plusieurs fois, et encore plus haut, le plus fonc\u00e9 et le plus gros, le Merle fuligineux! Un tr\u00e8s bel oiseau, tr\u00e8s contrast\u00e9 dans ses membres et ses yeux, sur plumage sombre! \" src=\"https:\/\/www.pitpitpit.com\/blogue\/wp-content\/uploads\/2016-02-26_08-16-16_IMG_1991.jpg\" width=\"800\" height=\"546\" srcset=\"https:\/\/www.pitpitpit.com\/blogue\/wp-content\/uploads\/2016-02-26_08-16-16_IMG_1991.jpg 800w, https:\/\/www.pitpitpit.com\/blogue\/wp-content\/uploads\/2016-02-26_08-16-16_IMG_1991-560x382.jpg 560w, https:\/\/www.pitpitpit.com\/blogue\/wp-content\/uploads\/2016-02-26_08-16-16_IMG_1991-624x425.jpg 624w\" sizes=\"(max-width: 800px) 100vw, 800px\" \/><\/a><p id=\"caption-attachment-7375\" class=\"wp-caption-text\">Et alors que nous avons eu le Merle fauve (embl\u00e8me aviaire du pays) en ABONDANCE en basse altitude, plus on monte, nous changeons de \u00ab\u00a0merle\u00a0\u00bb&#8230; Un peu plus haut, 2 esp\u00e8ces plut\u00f4t rares que nous ne verrons pas&#8230; un peu plus haut, le Merle de montagnes que nous verrons plusieurs fois, et encore plus haut, le plus fonc\u00e9 et le plus gros, le Merle fuligineux! Un tr\u00e8s bel oiseau, tr\u00e8s contrast\u00e9 dans ses membres et ses yeux, sur plumage sombre!<\/p><\/div>\n<p>&nbsp;<\/p>\n<p>&nbsp;<\/p>\n<div id=\"attachment_7369\" style=\"width: 810px\" class=\"wp-caption alignnone\"><a href=\"https:\/\/www.pitpitpit.com\/blogue\/wp-content\/uploads\/2016-02-24_13-39-51_IMG_1272.jpg\"><img aria-describedby=\"caption-attachment-7369\" decoding=\"async\" loading=\"lazy\" class=\"size-full wp-image-7369\" alt=\"Ces derniers sont tous des &quot;r\u00e9sidents&quot;, qui vivent ici \u00e0 l'ann\u00e9e... Mais il est \u00e9tonnant et amusant de voir que m\u00eame les migrateurs, comme notre Paruline \u00e0 calotte noire (de loin ma plus belle photo de cette esp\u00e8ce qui adore les fourr\u00e9s denses...), donc nos migrateurs, ont aussi des pr\u00e9f\u00e9rences d'altitude pour venir passer l'hiver! Cette paruline, nous ne la rencontrerons qu'en altitude!!! Et en tr\u00e8s grande abondance! \" src=\"https:\/\/www.pitpitpit.com\/blogue\/wp-content\/uploads\/2016-02-24_13-39-51_IMG_1272.jpg\" width=\"800\" height=\"550\" srcset=\"https:\/\/www.pitpitpit.com\/blogue\/wp-content\/uploads\/2016-02-24_13-39-51_IMG_1272.jpg 800w, https:\/\/www.pitpitpit.com\/blogue\/wp-content\/uploads\/2016-02-24_13-39-51_IMG_1272-560x385.jpg 560w, https:\/\/www.pitpitpit.com\/blogue\/wp-content\/uploads\/2016-02-24_13-39-51_IMG_1272-624x429.jpg 624w\" sizes=\"(max-width: 800px) 100vw, 800px\" \/><\/a><p id=\"caption-attachment-7369\" class=\"wp-caption-text\">Ces derniers sont tous des \u00ab\u00a0r\u00e9sidents\u00a0\u00bb, qui vivent ici \u00e0 l&rsquo;ann\u00e9e&#8230; Mais il est \u00e9tonnant et amusant de voir que m\u00eame les migrateurs, comme notre Paruline \u00e0 calotte noire (de loin ma plus belle photo de cette esp\u00e8ce qui adore les fourr\u00e9s denses&#8230;), donc nos migrateurs, ont aussi des pr\u00e9f\u00e9rences d&rsquo;altitude pour venir passer l&rsquo;hiver! Cette paruline, nous ne la rencontrerons qu&rsquo;en altitude!!! Et en tr\u00e8s grande abondance!<\/p><\/div>\n<p>&nbsp;<\/p>\n<p>&nbsp;<\/p>\n<div id=\"attachment_7370\" style=\"width: 810px\" class=\"wp-caption alignnone\"><a href=\"https:\/\/www.pitpitpit.com\/blogue\/wp-content\/uploads\/2016-02-24_15-14-57_IMG_1281.jpg\"><img aria-describedby=\"caption-attachment-7370\" decoding=\"async\" loading=\"lazy\" class=\"size-full wp-image-7370\" alt=\"Je vous laisse avec une petite histoire... qui parlera aux fid\u00e8les du blogue qui nous suivent depuis plusieurs ann\u00e9es... et \u00e0 ceux et celles qui ont fait toutes les pr\u00e9c\u00e9dentes \u00e9ditions du voyage... Et elle concerne l'esp\u00e8ce qui colonise les plus hautes altitudes du pays... Une esp\u00e8ce que l'on ne retrouve qu'au-dessus de 3000 m\u00e8tres... donc, \u00e0 un seul endroit du circuit, la raison m\u00eame pour laquelle nous nous arr\u00eatons une heure, aussi haut... Le Junco des volcans!!! Beaucoup plus gros que le Junco ardois\u00e9 du Qu\u00e9bec... Pour la petite histoire, vous vous souviendrez sans doute de Charlie? Charlie &quot;\u00e9tait&quot; (eh oui... Il semble bien lui \u00eatre arriv\u00e9 quelque chose...) LE Junco des volcans que nous venions voir ici. Jean-Jacques avait pris l'habitude de lui amener, toujours au m\u00eame endroit, et \u00e0 chacune de ses visites, un peu de nourriture... Nous l'appelions en descendant du bus, et en peu de temps, hop! il \u00e9tait l\u00e0 \u00e0 parader devant nous!!! ...Depuis les 3 derni\u00e8res visites de Jean-Jacques, ce fid\u00e8le Charlie, pr\u00e9sent coup sur coup, ne r\u00e9pond plus \u00e0 l'appel... \u00c7e me faisait vraiment \u00e9trange d'observer d'autres Juncos des volcans, ressemblant physiquement en tous points \u00e0 Charlie, mais de sentir que ce n'\u00e9tait pas lui... Bonne route, Charlie, au paradis des Juncos! Nous continuerons de faire hommage \u00e0 ton esp\u00e8ce en visitant tes cousins, cousines! \" src=\"https:\/\/www.pitpitpit.com\/blogue\/wp-content\/uploads\/2016-02-24_15-14-57_IMG_1281.jpg\" width=\"800\" height=\"546\" srcset=\"https:\/\/www.pitpitpit.com\/blogue\/wp-content\/uploads\/2016-02-24_15-14-57_IMG_1281.jpg 800w, https:\/\/www.pitpitpit.com\/blogue\/wp-content\/uploads\/2016-02-24_15-14-57_IMG_1281-560x382.jpg 560w, https:\/\/www.pitpitpit.com\/blogue\/wp-content\/uploads\/2016-02-24_15-14-57_IMG_1281-624x425.jpg 624w\" sizes=\"(max-width: 800px) 100vw, 800px\" \/><\/a><p id=\"caption-attachment-7370\" class=\"wp-caption-text\">Je vous laisse avec une petite histoire&#8230; qui parlera aux fid\u00e8les du blogue qui nous suivent depuis plusieurs ann\u00e9es&#8230; et \u00e0 ceux et celles qui ont fait toutes les pr\u00e9c\u00e9dentes \u00e9ditions du voyage&#8230; Et elle concerne l&rsquo;esp\u00e8ce qui colonise les plus hautes altitudes du pays&#8230; Une esp\u00e8ce que l&rsquo;on ne retrouve qu&rsquo;au-dessus de 3000 m\u00e8tres&#8230; donc, \u00e0 un seul endroit du circuit, la raison m\u00eame pour laquelle nous nous arr\u00eatons une heure, aussi haut&#8230; Le Junco des volcans!!! Beaucoup plus gros que le Junco ardois\u00e9 du Qu\u00e9bec&#8230; Pour la petite histoire, vous vous souviendrez sans doute de Charlie? Charlie \u00ab\u00a0\u00e9tait\u00a0\u00bb (eh oui&#8230; Il semble bien lui \u00eatre arriv\u00e9 quelque chose&#8230;) LE Junco des volcans que nous venions voir ici. Jean-Jacques avait pris l&rsquo;habitude de lui amener, toujours au m\u00eame endroit, et \u00e0 chacune de ses visites, un peu de nourriture&#8230; Nous l&rsquo;appelions en descendant du bus, et en peu de temps, hop! il \u00e9tait l\u00e0 \u00e0 parader devant nous!!! &#8230;Depuis les 3 derni\u00e8res visites de Jean-Jacques, ce fid\u00e8le Charlie, pr\u00e9sent coup sur coup, ne r\u00e9pond plus \u00e0 l&rsquo;appel&#8230; \u00c7a me faisait vraiment \u00e9trange d&rsquo;observer d&rsquo;autres Juncos des volcans, ressemblant physiquement en tous points \u00e0 Charlie, mais de sentir que ce n&rsquo;\u00e9tait pas lui&#8230; Bonne route, Charlie, au paradis des Juncos! Nous continuerons de rendre hommage \u00e0 ton esp\u00e8ce en visitant tes cousins, cousines!<\/p><\/div>\n<p>&nbsp;<\/p>\n","protected":false},"excerpt":{"rendered":"<p>. &nbsp; &nbsp; &nbsp; &nbsp; &nbsp; &nbsp; &nbsp; &nbsp; &nbsp; &nbsp; &nbsp; &nbsp; &nbsp; &nbsp; &nbsp; &nbsp; &nbsp; &nbsp; &nbsp; &nbsp; &nbsp; &nbsp; &nbsp;<\/p>\n","protected":false},"author":2,"featured_media":0,"comment_status":"open","ping_status":"open","sticky":false,"template":"","format":"standard","meta":[],"categories":[71,50,44],"tags":[],"yoast_head":"<!-- This site is optimized with the Yoast SEO plugin v19.13 - https:\/\/yoast.com\/wordpress\/plugins\/seo\/ -->\n<title>Costa Rica 2016 (f\u00e9vrier) - 14 - Voyages ornithologiques Serge Beaudette<\/title>\n<meta name=\"robots\" content=\"index, follow, max-snippet:-1, max-image-preview:large, max-video-preview:-1\" \/>\n<link rel=\"canonical\" href=\"https:\/\/www.pitpitpit.com\/blogue\/costa-rica-2016-fevrier-14\/\" \/>\n<meta property=\"og:locale\" content=\"fr_FR\" \/>\n<meta property=\"og:type\" content=\"article\" \/>\n<meta property=\"og:title\" content=\"Costa Rica 2016 (f\u00e9vrier) - 14 - Voyages ornithologiques Serge Beaudette\" \/>\n<meta property=\"og:description\" content=\". &nbsp; &nbsp; &nbsp; &nbsp; &nbsp; &nbsp; &nbsp; &nbsp; &nbsp; &nbsp; &nbsp; &nbsp; &nbsp; &nbsp; &nbsp; &nbsp; &nbsp; &nbsp; &nbsp; &nbsp; &nbsp; &nbsp; &nbsp;\" \/>\n<meta property=\"og:url\" content=\"https:\/\/www.pitpitpit.com\/blogue\/costa-rica-2016-fevrier-14\/\" \/>\n<meta property=\"og:site_name\" content=\"Voyages ornithologiques Serge Beaudette\" \/>\n<meta property=\"article:publisher\" content=\"https:\/\/www.facebook.com\/pitpitpitoiseaux\" \/>\n<meta property=\"article:published_time\" content=\"2016-03-02T02:51:38+00:00\" \/>\n<meta property=\"article:modified_time\" content=\"2016-03-01T20:55:17+00:00\" \/>\n<meta property=\"og:image\" content=\"http:\/\/www.pitpitpit.com\/blogue\/wp-content\/uploads\/2016-02-24_15-27-38_DSC_0154.jpg\" \/>\n<meta name=\"author\" content=\"Serge Beaudette\" \/>\n<meta name=\"twitter:card\" content=\"summary_large_image\" \/>\n<meta name=\"twitter:label1\" content=\"\u00c9crit par\" \/>\n\t<meta name=\"twitter:data1\" content=\"Serge Beaudette\" \/>\n\t<meta name=\"twitter:label2\" content=\"Dur\u00e9e de lecture estim\u00e9e\" \/>\n\t<meta name=\"twitter:data2\" content=\"5 minutes\" \/>\n<script type=\"application\/ld+json\" class=\"yoast-schema-graph\">{\"@context\":\"https:\/\/schema.org\",\"@graph\":[{\"@type\":\"Article\",\"@id\":\"https:\/\/www.pitpitpit.com\/blogue\/costa-rica-2016-fevrier-14\/#article\",\"isPartOf\":{\"@id\":\"https:\/\/www.pitpitpit.com\/blogue\/costa-rica-2016-fevrier-14\/\"},\"author\":{\"name\":\"Serge Beaudette\",\"@id\":\"https:\/\/www.pitpitpit.com\/blogue\/#\/schema\/person\/4c4cad6b3e1b14eee63054e988653a51\"},\"headline\":\"Costa Rica 2016 (f\u00e9vrier) &#8211; 14\",\"datePublished\":\"2016-03-02T02:51:38+00:00\",\"dateModified\":\"2016-03-01T20:55:17+00:00\",\"mainEntityOfPage\":{\"@id\":\"https:\/\/www.pitpitpit.com\/blogue\/costa-rica-2016-fevrier-14\/\"},\"wordCount\":952,\"commentCount\":21,\"publisher\":{\"@id\":\"https:\/\/www.pitpitpit.com\/blogue\/#organization\"},\"articleSection\":[\"Costa Rica\",\"Costa Rica f\u00e9vrier 2016\",\"PITPIT en voyage\"],\"inLanguage\":\"fr-FR\",\"potentialAction\":[{\"@type\":\"CommentAction\",\"name\":\"Comment\",\"target\":[\"https:\/\/www.pitpitpit.com\/blogue\/costa-rica-2016-fevrier-14\/#respond\"]}]},{\"@type\":\"WebPage\",\"@id\":\"https:\/\/www.pitpitpit.com\/blogue\/costa-rica-2016-fevrier-14\/\",\"url\":\"https:\/\/www.pitpitpit.com\/blogue\/costa-rica-2016-fevrier-14\/\",\"name\":\"Costa Rica 2016 (f\u00e9vrier) - 14 - Voyages ornithologiques Serge Beaudette\",\"isPartOf\":{\"@id\":\"https:\/\/www.pitpitpit.com\/blogue\/#website\"},\"datePublished\":\"2016-03-02T02:51:38+00:00\",\"dateModified\":\"2016-03-01T20:55:17+00:00\",\"breadcrumb\":{\"@id\":\"https:\/\/www.pitpitpit.com\/blogue\/costa-rica-2016-fevrier-14\/#breadcrumb\"},\"inLanguage\":\"fr-FR\",\"potentialAction\":[{\"@type\":\"ReadAction\",\"target\":[\"https:\/\/www.pitpitpit.com\/blogue\/costa-rica-2016-fevrier-14\/\"]}]},{\"@type\":\"BreadcrumbList\",\"@id\":\"https:\/\/www.pitpitpit.com\/blogue\/costa-rica-2016-fevrier-14\/#breadcrumb\",\"itemListElement\":[{\"@type\":\"ListItem\",\"position\":1,\"name\":\"Accueil\",\"item\":\"https:\/\/www.pitpitpit.com\/blogue\/\"},{\"@type\":\"ListItem\",\"position\":2,\"name\":\"Costa Rica 2016 (f\u00e9vrier) &#8211; 14\"}]},{\"@type\":\"WebSite\",\"@id\":\"https:\/\/www.pitpitpit.com\/blogue\/#website\",\"url\":\"https:\/\/www.pitpitpit.com\/blogue\/\",\"name\":\"Serge Beaudette Nature\",\"description\":\"Explorer, D\u00e9couvrir, Conna\u00eetre, S&#039;\u00e9merveiller!\",\"publisher\":{\"@id\":\"https:\/\/www.pitpitpit.com\/blogue\/#organization\"},\"potentialAction\":[{\"@type\":\"SearchAction\",\"target\":{\"@type\":\"EntryPoint\",\"urlTemplate\":\"https:\/\/www.pitpitpit.com\/blogue\/?s={search_term_string}\"},\"query-input\":\"required name=search_term_string\"}],\"inLanguage\":\"fr-FR\"},{\"@type\":\"Organization\",\"@id\":\"https:\/\/www.pitpitpit.com\/blogue\/#organization\",\"name\":\"Serge Beaudette Nature\",\"url\":\"https:\/\/www.pitpitpit.com\/blogue\/\",\"logo\":{\"@type\":\"ImageObject\",\"inLanguage\":\"fr-FR\",\"@id\":\"https:\/\/www.pitpitpit.com\/blogue\/#\/schema\/logo\/image\/\",\"url\":\"https:\/\/www.pitpitpit.com\/blogue\/wp-content\/uploads\/logo-web.jpg\",\"contentUrl\":\"https:\/\/www.pitpitpit.com\/blogue\/wp-content\/uploads\/logo-web.jpg\",\"width\":284,\"height\":172,\"caption\":\"Serge Beaudette Nature\"},\"image\":{\"@id\":\"https:\/\/www.pitpitpit.com\/blogue\/#\/schema\/logo\/image\/\"},\"sameAs\":[\"https:\/\/www.facebook.com\/pitpitpitoiseaux\"]},{\"@type\":\"Person\",\"@id\":\"https:\/\/www.pitpitpit.com\/blogue\/#\/schema\/person\/4c4cad6b3e1b14eee63054e988653a51\",\"name\":\"Serge Beaudette\",\"image\":{\"@type\":\"ImageObject\",\"inLanguage\":\"fr-FR\",\"@id\":\"https:\/\/www.pitpitpit.com\/blogue\/#\/schema\/person\/image\/\",\"url\":\"https:\/\/secure.gravatar.com\/avatar\/96fb3f8adc6353b0961c6bde0d562ac6?s=96&d=mm&r=g\",\"contentUrl\":\"https:\/\/secure.gravatar.com\/avatar\/96fb3f8adc6353b0961c6bde0d562ac6?s=96&d=mm&r=g\",\"caption\":\"Serge Beaudette\"},\"sameAs\":[\"http:\/\/www.pitpitpit.com\"],\"url\":\"https:\/\/www.pitpitpit.com\/blogue\/author\/serge\/\"}]}<\/script>\n<!-- \/ Yoast SEO plugin. -->","yoast_head_json":{"title":"Costa Rica 2016 (f\u00e9vrier) - 14 - Voyages ornithologiques Serge Beaudette","robots":{"index":"index","follow":"follow","max-snippet":"max-snippet:-1","max-image-preview":"max-image-preview:large","max-video-preview":"max-video-preview:-1"},"canonical":"https:\/\/www.pitpitpit.com\/blogue\/costa-rica-2016-fevrier-14\/","og_locale":"fr_FR","og_type":"article","og_title":"Costa Rica 2016 (f\u00e9vrier) - 14 - Voyages ornithologiques Serge Beaudette","og_description":". &nbsp; &nbsp; &nbsp; &nbsp; &nbsp; &nbsp; &nbsp; &nbsp; &nbsp; &nbsp; &nbsp; &nbsp; &nbsp; &nbsp; &nbsp; &nbsp; &nbsp; &nbsp; &nbsp; &nbsp; &nbsp; &nbsp; &nbsp;","og_url":"https:\/\/www.pitpitpit.com\/blogue\/costa-rica-2016-fevrier-14\/","og_site_name":"Voyages ornithologiques Serge Beaudette","article_publisher":"https:\/\/www.facebook.com\/pitpitpitoiseaux","article_published_time":"2016-03-02T02:51:38+00:00","article_modified_time":"2016-03-01T20:55:17+00:00","og_image":[{"url":"http:\/\/www.pitpitpit.com\/blogue\/wp-content\/uploads\/2016-02-24_15-27-38_DSC_0154.jpg"}],"author":"Serge Beaudette","twitter_card":"summary_large_image","twitter_misc":{"\u00c9crit par":"Serge Beaudette","Dur\u00e9e de lecture estim\u00e9e":"5 minutes"},"schema":{"@context":"https:\/\/schema.org","@graph":[{"@type":"Article","@id":"https:\/\/www.pitpitpit.com\/blogue\/costa-rica-2016-fevrier-14\/#article","isPartOf":{"@id":"https:\/\/www.pitpitpit.com\/blogue\/costa-rica-2016-fevrier-14\/"},"author":{"name":"Serge Beaudette","@id":"https:\/\/www.pitpitpit.com\/blogue\/#\/schema\/person\/4c4cad6b3e1b14eee63054e988653a51"},"headline":"Costa Rica 2016 (f\u00e9vrier) &#8211; 14","datePublished":"2016-03-02T02:51:38+00:00","dateModified":"2016-03-01T20:55:17+00:00","mainEntityOfPage":{"@id":"https:\/\/www.pitpitpit.com\/blogue\/costa-rica-2016-fevrier-14\/"},"wordCount":952,"commentCount":21,"publisher":{"@id":"https:\/\/www.pitpitpit.com\/blogue\/#organization"},"articleSection":["Costa Rica","Costa Rica f\u00e9vrier 2016","PITPIT en voyage"],"inLanguage":"fr-FR","potentialAction":[{"@type":"CommentAction","name":"Comment","target":["https:\/\/www.pitpitpit.com\/blogue\/costa-rica-2016-fevrier-14\/#respond"]}]},{"@type":"WebPage","@id":"https:\/\/www.pitpitpit.com\/blogue\/costa-rica-2016-fevrier-14\/","url":"https:\/\/www.pitpitpit.com\/blogue\/costa-rica-2016-fevrier-14\/","name":"Costa Rica 2016 (f\u00e9vrier) - 14 - Voyages ornithologiques Serge Beaudette","isPartOf":{"@id":"https:\/\/www.pitpitpit.com\/blogue\/#website"},"datePublished":"2016-03-02T02:51:38+00:00","dateModified":"2016-03-01T20:55:17+00:00","breadcrumb":{"@id":"https:\/\/www.pitpitpit.com\/blogue\/costa-rica-2016-fevrier-14\/#breadcrumb"},"inLanguage":"fr-FR","potentialAction":[{"@type":"ReadAction","target":["https:\/\/www.pitpitpit.com\/blogue\/costa-rica-2016-fevrier-14\/"]}]},{"@type":"BreadcrumbList","@id":"https:\/\/www.pitpitpit.com\/blogue\/costa-rica-2016-fevrier-14\/#breadcrumb","itemListElement":[{"@type":"ListItem","position":1,"name":"Accueil","item":"https:\/\/www.pitpitpit.com\/blogue\/"},{"@type":"ListItem","position":2,"name":"Costa Rica 2016 (f\u00e9vrier) &#8211; 14"}]},{"@type":"WebSite","@id":"https:\/\/www.pitpitpit.com\/blogue\/#website","url":"https:\/\/www.pitpitpit.com\/blogue\/","name":"Serge Beaudette Nature","description":"Explorer, D\u00e9couvrir, Conna\u00eetre, S&#039;\u00e9merveiller!","publisher":{"@id":"https:\/\/www.pitpitpit.com\/blogue\/#organization"},"potentialAction":[{"@type":"SearchAction","target":{"@type":"EntryPoint","urlTemplate":"https:\/\/www.pitpitpit.com\/blogue\/?s={search_term_string}"},"query-input":"required name=search_term_string"}],"inLanguage":"fr-FR"},{"@type":"Organization","@id":"https:\/\/www.pitpitpit.com\/blogue\/#organization","name":"Serge Beaudette Nature","url":"https:\/\/www.pitpitpit.com\/blogue\/","logo":{"@type":"ImageObject","inLanguage":"fr-FR","@id":"https:\/\/www.pitpitpit.com\/blogue\/#\/schema\/logo\/image\/","url":"https:\/\/www.pitpitpit.com\/blogue\/wp-content\/uploads\/logo-web.jpg","contentUrl":"https:\/\/www.pitpitpit.com\/blogue\/wp-content\/uploads\/logo-web.jpg","width":284,"height":172,"caption":"Serge Beaudette Nature"},"image":{"@id":"https:\/\/www.pitpitpit.com\/blogue\/#\/schema\/logo\/image\/"},"sameAs":["https:\/\/www.facebook.com\/pitpitpitoiseaux"]},{"@type":"Person","@id":"https:\/\/www.pitpitpit.com\/blogue\/#\/schema\/person\/4c4cad6b3e1b14eee63054e988653a51","name":"Serge Beaudette","image":{"@type":"ImageObject","inLanguage":"fr-FR","@id":"https:\/\/www.pitpitpit.com\/blogue\/#\/schema\/person\/image\/","url":"https:\/\/secure.gravatar.com\/avatar\/96fb3f8adc6353b0961c6bde0d562ac6?s=96&d=mm&r=g","contentUrl":"https:\/\/secure.gravatar.com\/avatar\/96fb3f8adc6353b0961c6bde0d562ac6?s=96&d=mm&r=g","caption":"Serge Beaudette"},"sameAs":["http:\/\/www.pitpitpit.com"],"url":"https:\/\/www.pitpitpit.com\/blogue\/author\/serge\/"}]}},"_links":{"self":[{"href":"https:\/\/www.pitpitpit.com\/blogue\/wp-json\/wp\/v2\/posts\/7363"}],"collection":[{"href":"https:\/\/www.pitpitpit.com\/blogue\/wp-json\/wp\/v2\/posts"}],"about":[{"href":"https:\/\/www.pitpitpit.com\/blogue\/wp-json\/wp\/v2\/types\/post"}],"author":[{"embeddable":true,"href":"https:\/\/www.pitpitpit.com\/blogue\/wp-json\/wp\/v2\/users\/2"}],"replies":[{"embeddable":true,"href":"https:\/\/www.pitpitpit.com\/blogue\/wp-json\/wp\/v2\/comments?post=7363"}],"version-history":[{"count":3,"href":"https:\/\/www.pitpitpit.com\/blogue\/wp-json\/wp\/v2\/posts\/7363\/revisions"}],"predecessor-version":[{"id":7394,"href":"https:\/\/www.pitpitpit.com\/blogue\/wp-json\/wp\/v2\/posts\/7363\/revisions\/7394"}],"wp:attachment":[{"href":"https:\/\/www.pitpitpit.com\/blogue\/wp-json\/wp\/v2\/media?parent=7363"}],"wp:term":[{"taxonomy":"category","embeddable":true,"href":"https:\/\/www.pitpitpit.com\/blogue\/wp-json\/wp\/v2\/categories?post=7363"},{"taxonomy":"post_tag","embeddable":true,"href":"https:\/\/www.pitpitpit.com\/blogue\/wp-json\/wp\/v2\/tags?post=7363"}],"curies":[{"name":"wp","href":"https:\/\/api.w.org\/{rel}","templated":true}]}}